{"id":5427,"date":"2023-06-05T15:55:39","date_gmt":"2023-06-05T20:55:39","guid":{"rendered":"https:\/\/mesfix.com\/blog\/?p=5427"},"modified":"2023-06-05T17:15:49","modified_gmt":"2023-06-05T22:15:49","slug":"dinero-pago-de-la-prima-de-mitad-de-ano","status":"publish","type":"post","link":"https:\/\/mesfix.com\/blog\/noticias-finanzas\/dinero-pago-de-la-prima-de-mitad-de-ano\/","title":{"rendered":"\u00bfC\u00f3mo conseguir dinero para el pago de la prima de mitad de a\u00f1o?"},"content":{"rendered":"\n<p>No olvides que ya <meta charset=\"utf-8\">debes planear nuevamente el pago de la prima de mitad de a\u00f1o porque muy pronto se cumplir\u00e1 la fecha establecida. En este blog te contamos por qu\u00e9 es importante realizar este pago a tiempo y c\u00f3mo puedes conseguir dinero para pagar esta obligaci\u00f3n.<\/p>\n\n\n\n<h2><strong><span class=\"has-inline-color has-vivid-purple-color\">\u00bfQu\u00e9 es la prima de servicios?<\/span><\/strong><\/h2>\n\n\n\n<p>La prima de servicios es una prestaci\u00f3n social que corresponde&nbsp;<strong>al pago de un salario del empleado dividido en dos<\/strong>: un pago es antes del 30 de junio y el otro antes del 20 de diciembre.<\/p>\n\n\n\n<p>Si la vinculaci\u00f3n del empleado es inferior a un a\u00f1o, el pago ser\u00e1&nbsp;<strong>proporcional al tiempo que lleve trabajando<\/strong>.<\/p>\n\n\n\n<p>La prima de servicios est\u00e1 exenta de descuentos de seguridad social y\/o retenciones.<\/p>\n\n\n\n<p style=\"text-align: center;\"><a style=\"text-align: center; color: #0f9ad6;\" href=\"https:\/\/mesfix.com\/blog\/emprendimiento\/opciones-de-financiacion-para-empresas-en-colombia\/\" target=\"_blank\" rel=\"noopener\">Opciones de financiaci\u00f3n para empresas en Colombia<\/a><\/p>\n\n\n\n<h2><strong><span class=\"has-inline-color has-vivid-purple-color\">\u00bfPor qu\u00e9 el pago de la prima debe hacerse puntualmente?<\/span><\/strong><\/h2>\n\n\n\n<p>El pago de la prima de servicios es&nbsp;<strong>obligatorio&nbsp;<\/strong>y est\u00e1 reglamentado en el art\u00edculo 306 del&nbsp;<a href=\"http:\/\/www.imprenta.gov.co\/gacetap\/gaceta.mostrar_documento?p_tipo=06&amp;p_numero=1788&amp;p_consec=45182\">C\u00f3digo Sustantivo del Trabajo<\/a>. Adem\u00e1s, por cada d\u00eda de demora, la empresa tendr\u00e1 que pagar un d\u00eda de salario adicional a sus empleados.<\/p>\n\n\n\n<p>Recuerda que desde el 2016 las empleadas dom\u00e9sticas, choferes, jardineros, y en general cualquier trabajador ocasional o transitorio, tambi\u00e9n tiene derecho a una prima de servicios.<\/p>\n\n\n\n<h2><strong><span class=\"has-inline-color has-vivid-purple-color\">\u00bfC\u00f3mo calcular el pago de la prima de servicios ?<\/span><\/strong><\/h2>\n\n\n\n<p>La liquidaci\u00f3n de cada una de las primas se determina seg\u00fan el promedio salarial del empleado en el semestre y los d\u00edas trabajados.<\/p>\n\n\n\n<p>La f\u00f3rmula para calcular el valor de la prima de servicios es:<\/p>\n\n\n\n<p><strong><span class=\"has-inline-color has-luminous-vivid-orange-color\">Promedio del sueldo * d\u00edas trabajados \/ 360.<\/span><\/strong><\/p>\n\n\n\n<p>Para obtener el&nbsp;<strong>promedio del sueldo&nbsp;<\/strong>se suman los ingresos recibidos del trabajador en cada mes (incluyendo subsidio de transporte) y se dividen por 6 o, si ha trabajado menos de 6 meses en la empresa, por la cantidad de meses trabajados.<\/p>\n\n\n\n<p>Los&nbsp;<strong>d\u00edas trabajados<\/strong>&nbsp;en 6 meses corresponden a 180. Este n\u00famero disminuye si el trabajador lleva menos tiempo vinculado a la empresa.<\/p>\n\n\n\n<p><strong>360 es un valor fijo<\/strong>&nbsp;el cual no cambia as\u00ed el a\u00f1o sea bisiesto. Esto debido a que contablemente un a\u00f1o siempre se calcula sobre 360 d\u00edas.<\/p>\n\n\n\n<h2><strong><span class=\"has-inline-color has-vivid-purple-color\">Un ejemplo sobre c\u00f3mo calcular la prima de servicios de un empleado:<\/span><\/strong><\/h2>\n\n\n\n<p><em>(Estos c\u00e1lculos son estimados y sirven simplemente a manera de ilustraci\u00f3n. Recuerda asesorarte de tu abogado o contador al momento de realizarlos).<\/em><\/p>\n\n\n\n<p>Para el 20 de diciembre Camilo lleva 4 meses trabajando en su nueva empresa. Primero tenemos que conocer sus sueldos mensuales para calcular el promedio. Los pagos han sido variables porque&nbsp;<strong>dependen de las comisiones que gane<\/strong>:<\/p>\n\n\n\n<p><strong>Septiembre:<\/strong>&nbsp;$1.500.000.<br><strong>Octubre:<\/strong>&nbsp;$1.500.000.<br><strong>Noviembre:<\/strong>&nbsp;$1.600.000.<br><strong>Diciembre:<\/strong>&nbsp;$1.650.000.<\/p>\n\n\n\n<p>C\u00e1lculo del&nbsp;<strong>promedio del sueldo<\/strong>: ($1.500.000+$1.500.000+$1.600.000+$1.650.000)\/4=&nbsp;$1.562.500.<\/p>\n\n\n\n<p>Cantidad de d\u00edas trabajados durante 4 meses:&nbsp;<strong>120 d\u00edas.<\/strong><\/p>\n\n\n\n<h5><span class=\"has-inline-color has-luminous-vivid-orange-color\">F\u00f3rmula final:&nbsp;<strong>(1.562.500*120)\/360= 520.833.<\/strong><\/span><\/h5>\n\n\n\n<p>Esto quiere decir que, para la prima de diciembre, la empresa tendr\u00e1 que pagarle a Camilo<strong>&nbsp;$520.833 pesos.<\/strong><\/p>\n\n\n\n<h2><strong><span class=\"has-inline-color has-vivid-purple-color\">\u00bfC\u00f3mo conseguir dinero para el pago de la prima de servicios de tus empleados?<\/span><\/strong><\/h2>\n\n\n\n<p>En teor\u00eda, la empresa deber\u00eda guardar una provisi\u00f3n mensual o quincenal del 8.33% de los salarios de sus empleados para luego no estar pasando penas al momento de tener que pagar la prima. Pero a pesar de que esto quede reflejado en los balances de cada mes, en la mayor\u00eda de ocasiones el dinero del provisional no se guarda sino que se gasta en otras obligaciones m\u00e1s \u201curgentes\u201d.<\/p>\n\n\n\n<p>Por esta raz\u00f3n, la empresa recurre a financiamientos como pr\u00e9stamos para subsanar esta obligaci\u00f3n. El problema es que estos pr\u00e9stamos afectan su capacidad de endeudamiento y, en general, la salud financiera de la empresa.<\/p>\n\n\n\n<p>Una mejor opci\u00f3n es vender las facturas por cobrar que tiene la empresa. Una empresa que no afecta la capacidad de endeudamiento de la empresa al momento de vender facturas es\u00a0<a href=\"https:\/\/mesfix.com\/empresas\">Mesfix<\/a>. Adem\u00e1s el proceso de venta es a trav\u00e9s de internet, lo cual hace que el empresario no pierda tiempo en largas filas o esperas.\u00a0<\/p>\n\n\n\n<p style=\"text-align: center;\"><a style=\"text-align: center; color: #0f9ad6;\" href=\"https:\/\/mesfix.com\/blog\/emprendimiento\/como-vender-facturas-por-cobrar\/\" target=\"_blank\" rel=\"noopener\">\u00bfC\u00f3mo vender facturas por cobrar en Colombia?<\/a><\/p>\n\n\n\n<figure class=\"wp-block-image size-full\"><a href=\"https:\/\/bit.ly\/3N92oTX\"><img loading=\"lazy\" width=\"313\" height=\"54\" src=\"\/blog\/wp-content\/uploads\/2023\/06\/abc2-2.png\" alt=\"\" class=\"wp-image-5428\" srcset=\"\/blog\/wp-content\/uploads\/2023\/06\/abc2-2.png 313w, \/blog\/wp-content\/uploads\/2023\/06\/abc2-2-300x52.png 300w\" sizes=\"(max-width: 313px) 100vw, 313px\" \/><\/a><\/figure>\n","protected":false},"excerpt":{"rendered":"<p>No olvides que ya debes planear nuevamente el pago de la prima de mitad de a\u00f1o porque muy pronto se cumplir\u00e1 la fecha establecida. En este blog te contamos por qu\u00e9 es importante realizar este pago a tiempo y c\u00f3mo puedes conseguir dinero para pagar esta obligaci\u00f3n. \u00bfQu\u00e9 es la prima de servicios? La prima &#8230;<\/p>\n","protected":false},"author":1,"featured_media":5429,"comment_status":"open","ping_status":"closed","sticky":false,"template":"","format":"standard","meta":[],"categories":[185,10],"tags":[],"jetpack_featured_media_url":"\/blog\/wp-content\/uploads\/2023\/06\/abc1-1.png","_links":{"self":[{"href":"https:\/\/mesfix.com\/blog\/wp-json\/wp\/v2\/posts\/5427"}],"collection":[{"href":"https:\/\/mesfix.com\/blog\/wp-json\/wp\/v2\/posts"}],"about":[{"href":"https:\/\/mesfix.com\/blog\/wp-json\/wp\/v2\/types\/post"}],"author":[{"embeddable":true,"href":"https:\/\/mesfix.com\/blog\/wp-json\/wp\/v2\/users\/1"}],"replies":[{"embeddable":true,"href":"https:\/\/mesfix.com\/blog\/wp-json\/wp\/v2\/comments?post=5427"}],"version-history":[{"count":2,"href":"https:\/\/mesfix.com\/blog\/wp-json\/wp\/v2\/posts\/5427\/revisions"}],"predecessor-version":[{"id":5431,"href":"https:\/\/mesfix.com\/blog\/wp-json\/wp\/v2\/posts\/5427\/revisions\/5431"}],"wp:featuredmedia":[{"embeddable":true,"href":"https:\/\/mesfix.com\/blog\/wp-json\/wp\/v2\/media\/5429"}],"wp:attachment":[{"href":"https:\/\/mesfix.com\/blog\/wp-json\/wp\/v2\/media?parent=5427"}],"wp:term":[{"taxonomy":"category","embeddable":true,"href":"https:\/\/mesfix.com\/blog\/wp-json\/wp\/v2\/categories?post=5427"},{"taxonomy":"post_tag","embeddable":true,"href":"https:\/\/mesfix.com\/blog\/wp-json\/wp\/v2\/tags?post=5427"}],"curies":[{"name":"wp","href":"https:\/\/api.w.org\/{rel}","templated":true}]}}